{"id":15201,"date":"2025-10-02T14:25:26","date_gmt":"2025-10-02T12:25:26","guid":{"rendered":"https:\/\/www.scmtec.com\/ecomondo-il-green-technology-expo-al-quale-non-puoi-mancare\/"},"modified":"2025-10-02T14:30:57","modified_gmt":"2025-10-02T12:30:57","slug":"ecomondo-il-green-technology-expo-al-quale-non-puoi-mancare","status":"publish","type":"post","link":"https:\/\/www.scmtec.com\/fr\/ecomondo-il-green-technology-expo-al-quale-non-puoi-mancare\/","title":{"rendered":"ECOMONDO: Le salon des technologies vertes \u00e0 ne pas manquer !"},"content":{"rendered":"<p>Du <strong>4 au 7 novembre 2025<\/strong>, <strong>ECOMONDO<\/strong> revient au <strong>Rimini Expo Center<\/strong> \u2014 le rendez-vous international de la <strong>transition \u00e9cologique<\/strong> et de l\u2019<strong>\u00e9conomie circulaire<\/strong>.<\/p>\n<p>Pour sa <strong>28e \u00e9dition<\/strong>, Ecomondo promet de d\u00e9passer toutes les attentes avec un programme riche en nouveaut\u00e9s, projets visionnaires et opportunit\u00e9s incontournables pour les entreprises, start-ups, chercheurs, innovateurs et d\u00e9cideurs politiques.<\/p>\n<p><strong>SCM sera pr\u00e9sent<\/strong> et vous invite \u00e0 visiter notre stand <strong>B07\/203-302<\/strong>, o\u00f9 nous pr\u00e9senterons nos solutions les plus avanc\u00e9es pour un avenir durable.<\/p>\n<p>\ud83d\udccd Rimini Expo Center<\/p>\n<p>\ud83d\udcc5 4\u20137 novembre 2025<\/p>\n<p>\ud83d\udccc Stand SCM : B07\/203-302<\/p>\n<p><strong>Au plaisir de vous y retrouver !<\/strong><\/p>\n","protected":false},"excerpt":{"rendered":"<p>Du 4 au 7 novembre 2025, ECOMONDO revient au Rimini Expo Center \u2014 le rendez-vous international de la transition \u00e9cologique et de l\u2019\u00e9conomie circulaire. Pour sa 28e \u00e9dition, Ecomondo promet de d\u00e9passer toutes les attentes avec un programme riche en nouveaut\u00e9s, projets visionnaires et opportunit\u00e9s incontournables pour les entreprises, start-ups, chercheurs, innovateurs et d\u00e9cideurs politiques. [&hellip;]<\/p>\n","protected":false},"author":2,"featured_media":15196,"comment_status":"open","ping_status":"open","sticky":false,"template":"","format":"standard","meta":{"_themeisle_gutenberg_block_has_review":false,"_jetpack_memberships_contains_paid_content":false,"footnotes":""},"categories":[138],"tags":[],"class_list":["post-15201","post","type-post","status-publish","format-standard","has-post-thumbnail","hentry","category-blog-fr"],"yoast_head":"<!-- This site is optimized with the Yoast SEO plugin v27.5 - https:\/\/yoast.com\/product\/yoast-seo-wordpress\/ -->\n<title>ECOMONDO: Le salon des technologies vertes \u00e0 ne pas manquer ! - SCM Tecnologie<\/title>\n<meta name=\"robots\" content=\"index, follow, max-snippet:-1, max-image-preview:large, max-video-preview:-1\" \/>\n<link rel=\"canonical\" href=\"https:\/\/www.scmtec.com\/fr\/ecomondo-il-green-technology-expo-al-quale-non-puoi-mancare\/\" \/>\n<meta property=\"og:locale\" content=\"fr_FR\" \/>\n<meta property=\"og:type\" content=\"article\" \/>\n<meta property=\"og:title\" content=\"ECOMONDO: Le salon des technologies vertes \u00e0 ne pas manquer ! - SCM Tecnologie\" \/>\n<meta property=\"og:description\" content=\"Du 4 au 7 novembre 2025, ECOMONDO revient au Rimini Expo Center \u2014 le rendez-vous international de la transition \u00e9cologique et de l\u2019\u00e9conomie circulaire. Pour sa 28e \u00e9dition, Ecomondo promet de d\u00e9passer toutes les attentes avec un programme riche en nouveaut\u00e9s, projets visionnaires et opportunit\u00e9s incontournables pour les entreprises, start-ups, chercheurs, innovateurs et d\u00e9cideurs politiques. [&hellip;]\" \/>\n<meta property=\"og:url\" content=\"https:\/\/www.scmtec.com\/fr\/ecomondo-il-green-technology-expo-al-quale-non-puoi-mancare\/\" \/>\n<meta property=\"og:site_name\" content=\"SCM Tecnologie\" \/>\n<meta property=\"article:published_time\" content=\"2025-10-02T12:25:26+00:00\" \/>\n<meta property=\"article:modified_time\" content=\"2025-10-02T12:30:57+00:00\" \/>\n<meta property=\"og:image\" content=\"https:\/\/www.scmtec.com\/wp-content\/uploads\/2025\/10\/ECOMONDO-2025.png\" \/>\n\t<meta property=\"og:image:width\" content=\"1636\" \/>\n\t<meta property=\"og:image:height\" content=\"1004\" \/>\n\t<meta property=\"og:image:type\" content=\"image\/png\" \/>\n<meta name=\"author\" content=\"SCM\" \/>\n<meta name=\"twitter:card\" content=\"summary_large_image\" \/>\n<meta name=\"twitter:label1\" content=\"\u00c9crit par\" \/>\n\t<meta name=\"twitter:data1\" content=\"SCM\" \/>\n\t<meta name=\"twitter:label2\" content=\"Dur\u00e9e de lecture estim\u00e9e\" \/>\n\t<meta name=\"twitter:data2\" content=\"1 minute\" \/>\n<script type=\"application\/ld+json\" class=\"yoast-schema-graph\">{\"@context\":\"https:\\\/\\\/schema.org\",\"@graph\":[{\"@type\":\"Article\",\"@id\":\"https:\\\/\\\/www.scmtec.com\\\/fr\\\/ecomondo-il-green-technology-expo-al-quale-non-puoi-mancare\\\/#article\",\"isPartOf\":{\"@id\":\"https:\\\/\\\/www.scmtec.com\\\/fr\\\/ecomondo-il-green-technology-expo-al-quale-non-puoi-mancare\\\/\"},\"author\":{\"name\":\"SCM\",\"@id\":\"https:\\\/\\\/www.scmtec.com\\\/#\\\/schema\\\/person\\\/c7af1f3fe93b9f81b4e0208e6dca3bb0\"},\"headline\":\"ECOMONDO: Le salon des technologies vertes \u00e0 ne pas manquer !\",\"datePublished\":\"2025-10-02T12:25:26+00:00\",\"dateModified\":\"2025-10-02T12:30:57+00:00\",\"mainEntityOfPage\":{\"@id\":\"https:\\\/\\\/www.scmtec.com\\\/fr\\\/ecomondo-il-green-technology-expo-al-quale-non-puoi-mancare\\\/\"},\"wordCount\":105,\"commentCount\":0,\"image\":{\"@id\":\"https:\\\/\\\/www.scmtec.com\\\/fr\\\/ecomondo-il-green-technology-expo-al-quale-non-puoi-mancare\\\/#primaryimage\"},\"thumbnailUrl\":\"https:\\\/\\\/i0.wp.com\\\/www.scmtec.com\\\/wp-content\\\/uploads\\\/2025\\\/10\\\/ECOMONDO-2025.png?fit=1636%2C1004&ssl=1\",\"articleSection\":[\"Blog\"],\"inLanguage\":\"fr-FR\",\"potentialAction\":[{\"@type\":\"CommentAction\",\"name\":\"Comment\",\"target\":[\"https:\\\/\\\/www.scmtec.com\\\/fr\\\/ecomondo-il-green-technology-expo-al-quale-non-puoi-mancare\\\/#respond\"]}]},{\"@type\":\"WebPage\",\"@id\":\"https:\\\/\\\/www.scmtec.com\\\/fr\\\/ecomondo-il-green-technology-expo-al-quale-non-puoi-mancare\\\/\",\"url\":\"https:\\\/\\\/www.scmtec.com\\\/fr\\\/ecomondo-il-green-technology-expo-al-quale-non-puoi-mancare\\\/\",\"name\":\"ECOMONDO: Le salon des technologies vertes \u00e0 ne pas manquer ! - SCM Tecnologie\",\"isPartOf\":{\"@id\":\"https:\\\/\\\/www.scmtec.com\\\/#website\"},\"primaryImageOfPage\":{\"@id\":\"https:\\\/\\\/www.scmtec.com\\\/fr\\\/ecomondo-il-green-technology-expo-al-quale-non-puoi-mancare\\\/#primaryimage\"},\"image\":{\"@id\":\"https:\\\/\\\/www.scmtec.com\\\/fr\\\/ecomondo-il-green-technology-expo-al-quale-non-puoi-mancare\\\/#primaryimage\"},\"thumbnailUrl\":\"https:\\\/\\\/i0.wp.com\\\/www.scmtec.com\\\/wp-content\\\/uploads\\\/2025\\\/10\\\/ECOMONDO-2025.png?fit=1636%2C1004&ssl=1\",\"datePublished\":\"2025-10-02T12:25:26+00:00\",\"dateModified\":\"2025-10-02T12:30:57+00:00\",\"author\":{\"@id\":\"https:\\\/\\\/www.scmtec.com\\\/#\\\/schema\\\/person\\\/c7af1f3fe93b9f81b4e0208e6dca3bb0\"},\"breadcrumb\":{\"@id\":\"https:\\\/\\\/www.scmtec.com\\\/fr\\\/ecomondo-il-green-technology-expo-al-quale-non-puoi-mancare\\\/#breadcrumb\"},\"inLanguage\":\"fr-FR\",\"potentialAction\":[{\"@type\":\"ReadAction\",\"target\":[\"https:\\\/\\\/www.scmtec.com\\\/fr\\\/ecomondo-il-green-technology-expo-al-quale-non-puoi-mancare\\\/\"]}]},{\"@type\":\"ImageObject\",\"inLanguage\":\"fr-FR\",\"@id\":\"https:\\\/\\\/www.scmtec.com\\\/fr\\\/ecomondo-il-green-technology-expo-al-quale-non-puoi-mancare\\\/#primaryimage\",\"url\":\"https:\\\/\\\/i0.wp.com\\\/www.scmtec.com\\\/wp-content\\\/uploads\\\/2025\\\/10\\\/ECOMONDO-2025.png?fit=1636%2C1004&ssl=1\",\"contentUrl\":\"https:\\\/\\\/i0.wp.com\\\/www.scmtec.com\\\/wp-content\\\/uploads\\\/2025\\\/10\\\/ECOMONDO-2025.png?fit=1636%2C1004&ssl=1\",\"width\":1636,\"height\":1004},{\"@type\":\"BreadcrumbList\",\"@id\":\"https:\\\/\\\/www.scmtec.com\\\/fr\\\/ecomondo-il-green-technology-expo-al-quale-non-puoi-mancare\\\/#breadcrumb\",\"itemListElement\":[{\"@type\":\"ListItem\",\"position\":1,\"name\":\"Home\",\"item\":\"https:\\\/\\\/www.scmtec.com\\\/fr\\\/\"},{\"@type\":\"ListItem\",\"position\":2,\"name\":\"ECOMONDO: Le salon des technologies vertes \u00e0 ne pas manquer !\"}]},{\"@type\":\"WebSite\",\"@id\":\"https:\\\/\\\/www.scmtec.com\\\/#website\",\"url\":\"https:\\\/\\\/www.scmtec.com\\\/\",\"name\":\"SCM Tecnologie\",\"description\":\"\",\"potentialAction\":[{\"@type\":\"SearchAction\",\"target\":{\"@type\":\"EntryPoint\",\"urlTemplate\":\"https:\\\/\\\/www.scmtec.com\\\/?s={search_term_string}\"},\"query-input\":{\"@type\":\"PropertyValueSpecification\",\"valueRequired\":true,\"valueName\":\"search_term_string\"}}],\"inLanguage\":\"fr-FR\"},{\"@type\":\"Person\",\"@id\":\"https:\\\/\\\/www.scmtec.com\\\/#\\\/schema\\\/person\\\/c7af1f3fe93b9f81b4e0208e6dca3bb0\",\"name\":\"SCM\",\"image\":{\"@type\":\"ImageObject\",\"inLanguage\":\"fr-FR\",\"@id\":\"https:\\\/\\\/secure.gravatar.com\\\/avatar\\\/9b0974a27620aa93cb2104302ac5a82fba85ea7f12d4a002e859baa8868f168a?s=96&d=mm&r=g\",\"url\":\"https:\\\/\\\/secure.gravatar.com\\\/avatar\\\/9b0974a27620aa93cb2104302ac5a82fba85ea7f12d4a002e859baa8868f168a?s=96&d=mm&r=g\",\"contentUrl\":\"https:\\\/\\\/secure.gravatar.com\\\/avatar\\\/9b0974a27620aa93cb2104302ac5a82fba85ea7f12d4a002e859baa8868f168a?s=96&d=mm&r=g\",\"caption\":\"SCM\"},\"url\":\"https:\\\/\\\/www.scmtec.com\\\/fr\\\/author\\\/scm\\\/\"}]}<\/script>\n<!-- \/ Yoast SEO plugin. -->","yoast_head_json":{"title":"ECOMONDO: Le salon des technologies vertes \u00e0 ne pas manquer ! - SCM Tecnologie","robots":{"index":"index","follow":"follow","max-snippet":"max-snippet:-1","max-image-preview":"max-image-preview:large","max-video-preview":"max-video-preview:-1"},"canonical":"https:\/\/www.scmtec.com\/fr\/ecomondo-il-green-technology-expo-al-quale-non-puoi-mancare\/","og_locale":"fr_FR","og_type":"article","og_title":"ECOMONDO: Le salon des technologies vertes \u00e0 ne pas manquer ! - SCM Tecnologie","og_description":"Du 4 au 7 novembre 2025, ECOMONDO revient au Rimini Expo Center \u2014 le rendez-vous international de la transition \u00e9cologique et de l\u2019\u00e9conomie circulaire. Pour sa 28e \u00e9dition, Ecomondo promet de d\u00e9passer toutes les attentes avec un programme riche en nouveaut\u00e9s, projets visionnaires et opportunit\u00e9s incontournables pour les entreprises, start-ups, chercheurs, innovateurs et d\u00e9cideurs politiques. [&hellip;]","og_url":"https:\/\/www.scmtec.com\/fr\/ecomondo-il-green-technology-expo-al-quale-non-puoi-mancare\/","og_site_name":"SCM Tecnologie","article_published_time":"2025-10-02T12:25:26+00:00","article_modified_time":"2025-10-02T12:30:57+00:00","og_image":[{"width":1636,"height":1004,"url":"https:\/\/www.scmtec.com\/wp-content\/uploads\/2025\/10\/ECOMONDO-2025.png","type":"image\/png"}],"author":"SCM","twitter_card":"summary_large_image","twitter_misc":{"\u00c9crit par":"SCM","Dur\u00e9e de lecture estim\u00e9e":"1 minute"},"schema":{"@context":"https:\/\/schema.org","@graph":[{"@type":"Article","@id":"https:\/\/www.scmtec.com\/fr\/ecomondo-il-green-technology-expo-al-quale-non-puoi-mancare\/#article","isPartOf":{"@id":"https:\/\/www.scmtec.com\/fr\/ecomondo-il-green-technology-expo-al-quale-non-puoi-mancare\/"},"author":{"name":"SCM","@id":"https:\/\/www.scmtec.com\/#\/schema\/person\/c7af1f3fe93b9f81b4e0208e6dca3bb0"},"headline":"ECOMONDO: Le salon des technologies vertes \u00e0 ne pas manquer !","datePublished":"2025-10-02T12:25:26+00:00","dateModified":"2025-10-02T12:30:57+00:00","mainEntityOfPage":{"@id":"https:\/\/www.scmtec.com\/fr\/ecomondo-il-green-technology-expo-al-quale-non-puoi-mancare\/"},"wordCount":105,"commentCount":0,"image":{"@id":"https:\/\/www.scmtec.com\/fr\/ecomondo-il-green-technology-expo-al-quale-non-puoi-mancare\/#primaryimage"},"thumbnailUrl":"https:\/\/i0.wp.com\/www.scmtec.com\/wp-content\/uploads\/2025\/10\/ECOMONDO-2025.png?fit=1636%2C1004&ssl=1","articleSection":["Blog"],"inLanguage":"fr-FR","potentialAction":[{"@type":"CommentAction","name":"Comment","target":["https:\/\/www.scmtec.com\/fr\/ecomondo-il-green-technology-expo-al-quale-non-puoi-mancare\/#respond"]}]},{"@type":"WebPage","@id":"https:\/\/www.scmtec.com\/fr\/ecomondo-il-green-technology-expo-al-quale-non-puoi-mancare\/","url":"https:\/\/www.scmtec.com\/fr\/ecomondo-il-green-technology-expo-al-quale-non-puoi-mancare\/","name":"ECOMONDO: Le salon des technologies vertes \u00e0 ne pas manquer ! - SCM Tecnologie","isPartOf":{"@id":"https:\/\/www.scmtec.com\/#website"},"primaryImageOfPage":{"@id":"https:\/\/www.scmtec.com\/fr\/ecomondo-il-green-technology-expo-al-quale-non-puoi-mancare\/#primaryimage"},"image":{"@id":"https:\/\/www.scmtec.com\/fr\/ecomondo-il-green-technology-expo-al-quale-non-puoi-mancare\/#primaryimage"},"thumbnailUrl":"https:\/\/i0.wp.com\/www.scmtec.com\/wp-content\/uploads\/2025\/10\/ECOMONDO-2025.png?fit=1636%2C1004&ssl=1","datePublished":"2025-10-02T12:25:26+00:00","dateModified":"2025-10-02T12:30:57+00:00","author":{"@id":"https:\/\/www.scmtec.com\/#\/schema\/person\/c7af1f3fe93b9f81b4e0208e6dca3bb0"},"breadcrumb":{"@id":"https:\/\/www.scmtec.com\/fr\/ecomondo-il-green-technology-expo-al-quale-non-puoi-mancare\/#breadcrumb"},"inLanguage":"fr-FR","potentialAction":[{"@type":"ReadAction","target":["https:\/\/www.scmtec.com\/fr\/ecomondo-il-green-technology-expo-al-quale-non-puoi-mancare\/"]}]},{"@type":"ImageObject","inLanguage":"fr-FR","@id":"https:\/\/www.scmtec.com\/fr\/ecomondo-il-green-technology-expo-al-quale-non-puoi-mancare\/#primaryimage","url":"https:\/\/i0.wp.com\/www.scmtec.com\/wp-content\/uploads\/2025\/10\/ECOMONDO-2025.png?fit=1636%2C1004&ssl=1","contentUrl":"https:\/\/i0.wp.com\/www.scmtec.com\/wp-content\/uploads\/2025\/10\/ECOMONDO-2025.png?fit=1636%2C1004&ssl=1","width":1636,"height":1004},{"@type":"BreadcrumbList","@id":"https:\/\/www.scmtec.com\/fr\/ecomondo-il-green-technology-expo-al-quale-non-puoi-mancare\/#breadcrumb","itemListElement":[{"@type":"ListItem","position":1,"name":"Home","item":"https:\/\/www.scmtec.com\/fr\/"},{"@type":"ListItem","position":2,"name":"ECOMONDO: Le salon des technologies vertes \u00e0 ne pas manquer !"}]},{"@type":"WebSite","@id":"https:\/\/www.scmtec.com\/#website","url":"https:\/\/www.scmtec.com\/","name":"SCM Tecnologie","description":"","potentialAction":[{"@type":"SearchAction","target":{"@type":"EntryPoint","urlTemplate":"https:\/\/www.scmtec.com\/?s={search_term_string}"},"query-input":{"@type":"PropertyValueSpecification","valueRequired":true,"valueName":"search_term_string"}}],"inLanguage":"fr-FR"},{"@type":"Person","@id":"https:\/\/www.scmtec.com\/#\/schema\/person\/c7af1f3fe93b9f81b4e0208e6dca3bb0","name":"SCM","image":{"@type":"ImageObject","inLanguage":"fr-FR","@id":"https:\/\/secure.gravatar.com\/avatar\/9b0974a27620aa93cb2104302ac5a82fba85ea7f12d4a002e859baa8868f168a?s=96&d=mm&r=g","url":"https:\/\/secure.gravatar.com\/avatar\/9b0974a27620aa93cb2104302ac5a82fba85ea7f12d4a002e859baa8868f168a?s=96&d=mm&r=g","contentUrl":"https:\/\/secure.gravatar.com\/avatar\/9b0974a27620aa93cb2104302ac5a82fba85ea7f12d4a002e859baa8868f168a?s=96&d=mm&r=g","caption":"SCM"},"url":"https:\/\/www.scmtec.com\/fr\/author\/scm\/"}]}},"jetpack_featured_media_url":"https:\/\/i0.wp.com\/www.scmtec.com\/wp-content\/uploads\/2025\/10\/ECOMONDO-2025.png?fit=1636%2C1004&ssl=1","jetpack_sharing_enabled":true,"_links":{"self":[{"href":"https:\/\/www.scmtec.com\/fr\/wp-json\/wp\/v2\/posts\/15201","targetHints":{"allow":["GET"]}}],"collection":[{"href":"https:\/\/www.scmtec.com\/fr\/wp-json\/wp\/v2\/posts"}],"about":[{"href":"https:\/\/www.scmtec.com\/fr\/wp-json\/wp\/v2\/types\/post"}],"author":[{"embeddable":true,"href":"https:\/\/www.scmtec.com\/fr\/wp-json\/wp\/v2\/users\/2"}],"replies":[{"embeddable":true,"href":"https:\/\/www.scmtec.com\/fr\/wp-json\/wp\/v2\/comments?post=15201"}],"version-history":[{"count":1,"href":"https:\/\/www.scmtec.com\/fr\/wp-json\/wp\/v2\/posts\/15201\/revisions"}],"predecessor-version":[{"id":15204,"href":"https:\/\/www.scmtec.com\/fr\/wp-json\/wp\/v2\/posts\/15201\/revisions\/15204"}],"wp:featuredmedia":[{"embeddable":true,"href":"https:\/\/www.scmtec.com\/fr\/wp-json\/wp\/v2\/media\/15196"}],"wp:attachment":[{"href":"https:\/\/www.scmtec.com\/fr\/wp-json\/wp\/v2\/media?parent=15201"}],"wp:term":[{"taxonomy":"category","embeddable":true,"href":"https:\/\/www.scmtec.com\/fr\/wp-json\/wp\/v2\/categories?post=15201"},{"taxonomy":"post_tag","embeddable":true,"href":"https:\/\/www.scmtec.com\/fr\/wp-json\/wp\/v2\/tags?post=15201"}],"curies":[{"name":"wp","href":"https:\/\/api.w.org\/{rel}","templated":true}]}}